{"id":410,"date":"2023-07-01T22:41:08","date_gmt":"2023-07-01T22:41:08","guid":{"rendered":"https:\/\/deaikai.com\/?p=410"},"modified":"2023-07-01T22:42:44","modified_gmt":"2023-07-01T22:42:44","slug":"1a-demonstracao-nacional-de-aikido","status":"publish","type":"post","link":"https:\/\/deaikai.com\/?p=410","title":{"rendered":"1\u00aa Demonstra\u00e7\u00e3o Nacional de Aikido"},"content":{"rendered":"\n<figure class=\"wp-block-image size-full is-resized\"><img decoding=\"async\" src=\"https:\/\/deaikai.com\/wp-content\/uploads\/2023\/07\/2-1.jpg\" alt=\"\" class=\"wp-image-411\" width=\"400\" srcset=\"https:\/\/deaikai.com\/wp-content\/uploads\/2023\/07\/2-1.jpg 500w, https:\/\/deaikai.com\/wp-content\/uploads\/2023\/07\/2-1-300x169.jpg 300w\" sizes=\"(max-width: 500px) 100vw, 500px\" \/><\/figure>\n\n\n\n<p><\/p>\n\n\n\n<p>Actualiza\u00e7\u00e3o da p\u00e1gina \u00abfotos\u00bb com imagens da 1\u00aa Demonstra\u00e7\u00e3o Nacional de Aikido. <a href=\"https:\/\/deaikai.com\/?page_id=391\">(Ver fotos)<\/a><br>Participa\u00e7\u00e3o da Associa\u00e7\u00e3o de Aikido do Sul na 1\u00aa Demonstra\u00e7\u00e3o Nacional de Aikido realizada no Est\u00e1dio Universit\u00e1rio de Lisboa a 27 de Novembro de 2022, promovida pela Federa\u00e7\u00e3o Portuguesa de Aikido. Com Manuel Galrinho (dir.), Manuel Sim\u00f5es, Of\u00e9lia Mascarenhas, Rui Rivaes e Benjamim Coelho.<\/p>\n","protected":false},"excerpt":{"rendered":"<p>Actualiza\u00e7\u00e3o da p\u00e1gina \u00abfotos\u00bb com imagens da 1\u00aa Demonstra\u00e7\u00e3o Nacional de Aikido. (Ver fotos)Participa\u00e7\u00e3o da Associa\u00e7\u00e3o de Aikido do Sul na 1\u00aa Demonstra\u00e7\u00e3o Nacional de Aikido realizada no Est\u00e1dio Universit\u00e1rio de Lisboa a 27 de Novembro de 2022, promovida pela Federa\u00e7\u00e3o Portuguesa de Aikido. Com Manuel Galrinho (dir.), Manuel Sim\u00f5es, Of\u00e9lia Mascarenhas, Rui Rivaes e &#8230; <a title=\"1\u00aa Demonstra\u00e7\u00e3o Nacional de Aikido\" class=\"read-more\" href=\"https:\/\/deaikai.com\/?p=410\" aria-label=\"Mais sobre 1\u00aa Demonstra\u00e7\u00e3o Nacional de Aikido\">Ler mais<\/a><\/p>\n","protected":false},"author":1,"featured_media":0,"comment_status":"closed","ping_status":"open","sticky":false,"template":"","format":"standard","meta":{"footnotes":""},"categories":[1],"tags":[33,39,36,38,37,19,14,34,35],"class_list":["post-410","post","type-post","status-publish","format-standard","hentry","category-blog","tag-1a-demonstracao-nacional-de-aikido","tag-aas","tag-benjamim-coelho","tag-fpa","tag-imagens-de-mario-bastos","tag-manuel-galrinho","tag-manuel-simoes","tag-ofelia-mascarenhas","tag-rui-rivaes"],"yoast_head":"<!-- This site is optimized with the Yoast SEO plugin v21.0 - https:\/\/yoast.com\/wordpress\/plugins\/seo\/ -->\n<title>1\u00aa Demonstra\u00e7\u00e3o Nacional de Aikido - deaikai.com<\/title>\n<meta name=\"robots\" content=\"index, follow, max-snippet:-1, max-image-preview:large, max-video-preview:-1\" \/>\n<link rel=\"canonical\" href=\"https:\/\/deaikai.com\/?p=410\" \/>\n<meta property=\"og:locale\" content=\"pt_PT\" \/>\n<meta property=\"og:type\" content=\"article\" \/>\n<meta property=\"og:title\" content=\"1\u00aa Demonstra\u00e7\u00e3o Nacional de Aikido - deaikai.com\" \/>\n<meta property=\"og:description\" content=\"Actualiza\u00e7\u00e3o da p\u00e1gina \u00abfotos\u00bb com imagens da 1\u00aa Demonstra\u00e7\u00e3o Nacional de Aikido. (Ver fotos)Participa\u00e7\u00e3o da Associa\u00e7\u00e3o de Aikido do Sul na 1\u00aa Demonstra\u00e7\u00e3o Nacional de Aikido realizada no Est\u00e1dio Universit\u00e1rio de Lisboa a 27 de Novembro de 2022, promovida pela Federa\u00e7\u00e3o Portuguesa de Aikido. Com Manuel Galrinho (dir.), Manuel Sim\u00f5es, Of\u00e9lia Mascarenhas, Rui Rivaes e ... Ler mais\" \/>\n<meta property=\"og:url\" content=\"https:\/\/deaikai.com\/?p=410\" \/>\n<meta property=\"og:site_name\" content=\"deaikai.com\" \/>\n<meta property=\"article:published_time\" content=\"2023-07-01T22:41:08+00:00\" \/>\n<meta property=\"article:modified_time\" content=\"2023-07-01T22:42:44+00:00\" \/>\n<meta property=\"og:image\" content=\"https:\/\/deaikai.com\/wp-content\/uploads\/2023\/07\/2-1.jpg\" \/>\n<meta name=\"author\" content=\"deaikai\" \/>\n<meta name=\"twitter:card\" content=\"summary_large_image\" \/>\n<meta name=\"twitter:label1\" content=\"Escrito por\" \/>\n\t<meta name=\"twitter:data1\" content=\"deaikai\" \/>\n\t<meta name=\"twitter:label2\" content=\"Tempo estimado de leitura\" \/>\n\t<meta name=\"twitter:data2\" content=\"1 minuto\" \/>\n<script type=\"application\/ld+json\" class=\"yoast-schema-graph\">{\"@context\":\"https:\/\/schema.org\",\"@graph\":[{\"@type\":\"Article\",\"@id\":\"https:\/\/deaikai.com\/?p=410#article\",\"isPartOf\":{\"@id\":\"https:\/\/deaikai.com\/?p=410\"},\"author\":{\"name\":\"deaikai\",\"@id\":\"https:\/\/deaikai.com\/#\/schema\/person\/2e40c06606d7e8aec508c5cd91a41d49\"},\"headline\":\"1\u00aa Demonstra\u00e7\u00e3o Nacional de Aikido\",\"datePublished\":\"2023-07-01T22:41:08+00:00\",\"dateModified\":\"2023-07-01T22:42:44+00:00\",\"mainEntityOfPage\":{\"@id\":\"https:\/\/deaikai.com\/?p=410\"},\"wordCount\":70,\"publisher\":{\"@id\":\"https:\/\/deaikai.com\/#organization\"},\"keywords\":[\"1\u00aa demonstra\u00e7\u00e3o nacional de aikido\",\"AAS\",\"Benjamim Coelho\",\"FPA\",\"imagens de M\u00e1rio Bastos\",\"Manuel Galrinho\",\"manuel sim\u00f5es\",\"Of\u00e9lia Mascarenhas\",\"Rui Rivaes\"],\"articleSection\":[\"Blog\"],\"inLanguage\":\"pt-PT\"},{\"@type\":\"WebPage\",\"@id\":\"https:\/\/deaikai.com\/?p=410\",\"url\":\"https:\/\/deaikai.com\/?p=410\",\"name\":\"1\u00aa Demonstra\u00e7\u00e3o Nacional de Aikido - deaikai.com\",\"isPartOf\":{\"@id\":\"https:\/\/deaikai.com\/#website\"},\"datePublished\":\"2023-07-01T22:41:08+00:00\",\"dateModified\":\"2023-07-01T22:42:44+00:00\",\"breadcrumb\":{\"@id\":\"https:\/\/deaikai.com\/?p=410#breadcrumb\"},\"inLanguage\":\"pt-PT\",\"potentialAction\":[{\"@type\":\"ReadAction\",\"target\":[\"https:\/\/deaikai.com\/?p=410\"]}]},{\"@type\":\"BreadcrumbList\",\"@id\":\"https:\/\/deaikai.com\/?p=410#breadcrumb\",\"itemListElement\":[{\"@type\":\"ListItem\",\"position\":1,\"name\":\"In\u00edcio\",\"item\":\"https:\/\/deaikai.com\/\"},{\"@type\":\"ListItem\",\"position\":2,\"name\":\"1\u00aa Demonstra\u00e7\u00e3o Nacional de Aikido\"}]},{\"@type\":\"WebSite\",\"@id\":\"https:\/\/deaikai.com\/#website\",\"url\":\"https:\/\/deaikai.com\/\",\"name\":\"deaikai.com\",\"description\":\"Aikido Zazen Tessen Butoh DeaiDance\",\"publisher\":{\"@id\":\"https:\/\/deaikai.com\/#organization\"},\"potentialAction\":[{\"@type\":\"SearchAction\",\"target\":{\"@type\":\"EntryPoint\",\"urlTemplate\":\"https:\/\/deaikai.com\/?s={search_term_string}\"},\"query-input\":\"required name=search_term_string\"}],\"inLanguage\":\"pt-PT\"},{\"@type\":\"Organization\",\"@id\":\"https:\/\/deaikai.com\/#organization\",\"name\":\"deaikai.com\",\"url\":\"https:\/\/deaikai.com\/\",\"logo\":{\"@type\":\"ImageObject\",\"inLanguage\":\"pt-PT\",\"@id\":\"https:\/\/deaikai.com\/#\/schema\/logo\/image\/\",\"url\":\"https:\/\/deaikai.com\/wp-content\/uploads\/2023\/08\/cropped-icon_principal_5.jpg\",\"contentUrl\":\"https:\/\/deaikai.com\/wp-content\/uploads\/2023\/08\/cropped-icon_principal_5.jpg\",\"width\":404,\"height\":80,\"caption\":\"deaikai.com\"},\"image\":{\"@id\":\"https:\/\/deaikai.com\/#\/schema\/logo\/image\/\"}},{\"@type\":\"Person\",\"@id\":\"https:\/\/deaikai.com\/#\/schema\/person\/2e40c06606d7e8aec508c5cd91a41d49\",\"name\":\"deaikai\",\"image\":{\"@type\":\"ImageObject\",\"inLanguage\":\"pt-PT\",\"@id\":\"https:\/\/deaikai.com\/#\/schema\/person\/image\/\",\"url\":\"https:\/\/secure.gravatar.com\/avatar\/ed374b4102a81885667d0ed038700fa8?s=96&d=mm&r=g\",\"contentUrl\":\"https:\/\/secure.gravatar.com\/avatar\/ed374b4102a81885667d0ed038700fa8?s=96&d=mm&r=g\",\"caption\":\"deaikai\"},\"sameAs\":[\"https:\/\/deaikai.com\"],\"url\":\"https:\/\/deaikai.com\/?author=1\"}]}<\/script>\n<!-- \/ Yoast SEO plugin. -->","yoast_head_json":{"title":"1\u00aa Demonstra\u00e7\u00e3o Nacional de Aikido - deaikai.com","robots":{"index":"index","follow":"follow","max-snippet":"max-snippet:-1","max-image-preview":"max-image-preview:large","max-video-preview":"max-video-preview:-1"},"canonical":"https:\/\/deaikai.com\/?p=410","og_locale":"pt_PT","og_type":"article","og_title":"1\u00aa Demonstra\u00e7\u00e3o Nacional de Aikido - deaikai.com","og_description":"Actualiza\u00e7\u00e3o da p\u00e1gina \u00abfotos\u00bb com imagens da 1\u00aa Demonstra\u00e7\u00e3o Nacional de Aikido. (Ver fotos)Participa\u00e7\u00e3o da Associa\u00e7\u00e3o de Aikido do Sul na 1\u00aa Demonstra\u00e7\u00e3o Nacional de Aikido realizada no Est\u00e1dio Universit\u00e1rio de Lisboa a 27 de Novembro de 2022, promovida pela Federa\u00e7\u00e3o Portuguesa de Aikido. Com Manuel Galrinho (dir.), Manuel Sim\u00f5es, Of\u00e9lia Mascarenhas, Rui Rivaes e ... Ler mais","og_url":"https:\/\/deaikai.com\/?p=410","og_site_name":"deaikai.com","article_published_time":"2023-07-01T22:41:08+00:00","article_modified_time":"2023-07-01T22:42:44+00:00","og_image":[{"url":"https:\/\/deaikai.com\/wp-content\/uploads\/2023\/07\/2-1.jpg"}],"author":"deaikai","twitter_card":"summary_large_image","twitter_misc":{"Escrito por":"deaikai","Tempo estimado de leitura":"1 minuto"},"schema":{"@context":"https:\/\/schema.org","@graph":[{"@type":"Article","@id":"https:\/\/deaikai.com\/?p=410#article","isPartOf":{"@id":"https:\/\/deaikai.com\/?p=410"},"author":{"name":"deaikai","@id":"https:\/\/deaikai.com\/#\/schema\/person\/2e40c06606d7e8aec508c5cd91a41d49"},"headline":"1\u00aa Demonstra\u00e7\u00e3o Nacional de Aikido","datePublished":"2023-07-01T22:41:08+00:00","dateModified":"2023-07-01T22:42:44+00:00","mainEntityOfPage":{"@id":"https:\/\/deaikai.com\/?p=410"},"wordCount":70,"publisher":{"@id":"https:\/\/deaikai.com\/#organization"},"keywords":["1\u00aa demonstra\u00e7\u00e3o nacional de aikido","AAS","Benjamim Coelho","FPA","imagens de M\u00e1rio Bastos","Manuel Galrinho","manuel sim\u00f5es","Of\u00e9lia Mascarenhas","Rui Rivaes"],"articleSection":["Blog"],"inLanguage":"pt-PT"},{"@type":"WebPage","@id":"https:\/\/deaikai.com\/?p=410","url":"https:\/\/deaikai.com\/?p=410","name":"1\u00aa Demonstra\u00e7\u00e3o Nacional de Aikido - deaikai.com","isPartOf":{"@id":"https:\/\/deaikai.com\/#website"},"datePublished":"2023-07-01T22:41:08+00:00","dateModified":"2023-07-01T22:42:44+00:00","breadcrumb":{"@id":"https:\/\/deaikai.com\/?p=410#breadcrumb"},"inLanguage":"pt-PT","potentialAction":[{"@type":"ReadAction","target":["https:\/\/deaikai.com\/?p=410"]}]},{"@type":"BreadcrumbList","@id":"https:\/\/deaikai.com\/?p=410#breadcrumb","itemListElement":[{"@type":"ListItem","position":1,"name":"In\u00edcio","item":"https:\/\/deaikai.com\/"},{"@type":"ListItem","position":2,"name":"1\u00aa Demonstra\u00e7\u00e3o Nacional de Aikido"}]},{"@type":"WebSite","@id":"https:\/\/deaikai.com\/#website","url":"https:\/\/deaikai.com\/","name":"deaikai.com","description":"Aikido Zazen Tessen Butoh DeaiDance","publisher":{"@id":"https:\/\/deaikai.com\/#organization"},"potentialAction":[{"@type":"SearchAction","target":{"@type":"EntryPoint","urlTemplate":"https:\/\/deaikai.com\/?s={search_term_string}"},"query-input":"required name=search_term_string"}],"inLanguage":"pt-PT"},{"@type":"Organization","@id":"https:\/\/deaikai.com\/#organization","name":"deaikai.com","url":"https:\/\/deaikai.com\/","logo":{"@type":"ImageObject","inLanguage":"pt-PT","@id":"https:\/\/deaikai.com\/#\/schema\/logo\/image\/","url":"https:\/\/deaikai.com\/wp-content\/uploads\/2023\/08\/cropped-icon_principal_5.jpg","contentUrl":"https:\/\/deaikai.com\/wp-content\/uploads\/2023\/08\/cropped-icon_principal_5.jpg","width":404,"height":80,"caption":"deaikai.com"},"image":{"@id":"https:\/\/deaikai.com\/#\/schema\/logo\/image\/"}},{"@type":"Person","@id":"https:\/\/deaikai.com\/#\/schema\/person\/2e40c06606d7e8aec508c5cd91a41d49","name":"deaikai","image":{"@type":"ImageObject","inLanguage":"pt-PT","@id":"https:\/\/deaikai.com\/#\/schema\/person\/image\/","url":"https:\/\/secure.gravatar.com\/avatar\/ed374b4102a81885667d0ed038700fa8?s=96&d=mm&r=g","contentUrl":"https:\/\/secure.gravatar.com\/avatar\/ed374b4102a81885667d0ed038700fa8?s=96&d=mm&r=g","caption":"deaikai"},"sameAs":["https:\/\/deaikai.com"],"url":"https:\/\/deaikai.com\/?author=1"}]}},"_links":{"self":[{"href":"https:\/\/deaikai.com\/index.php?rest_route=\/wp\/v2\/posts\/410","targetHints":{"allow":["GET"]}}],"collection":[{"href":"https:\/\/deaikai.com\/index.php?rest_route=\/wp\/v2\/posts"}],"about":[{"href":"https:\/\/deaikai.com\/index.php?rest_route=\/wp\/v2\/types\/post"}],"author":[{"embeddable":true,"href":"https:\/\/deaikai.com\/index.php?rest_route=\/wp\/v2\/users\/1"}],"replies":[{"embeddable":true,"href":"https:\/\/deaikai.com\/index.php?rest_route=%2Fwp%2Fv2%2Fcomments&post=410"}],"version-history":[{"count":3,"href":"https:\/\/deaikai.com\/index.php?rest_route=\/wp\/v2\/posts\/410\/revisions"}],"predecessor-version":[{"id":414,"href":"https:\/\/deaikai.com\/index.php?rest_route=\/wp\/v2\/posts\/410\/revisions\/414"}],"wp:attachment":[{"href":"https:\/\/deaikai.com\/index.php?rest_route=%2Fwp%2Fv2%2Fmedia&parent=410"}],"wp:term":[{"taxonomy":"category","embeddable":true,"href":"https:\/\/deaikai.com\/index.php?rest_route=%2Fwp%2Fv2%2Fcategories&post=410"},{"taxonomy":"post_tag","embeddable":true,"href":"https:\/\/deaikai.com\/index.php?rest_route=%2Fwp%2Fv2%2Ftags&post=410"}],"curies":[{"name":"wp","href":"https:\/\/api.w.org\/{rel}","templated":true}]}}